{"provider_url": "https://www.indiapora.sp.leg.br", "title": "Pra\u00e7a Atacil Luiz Arantes", "html": "<p><span><span>===========================================================================================</span></span></p>\r\n<p><span><span><a class=\"external-link\" href=\"https://sapl.indiapora.sp.leg.br/media/sapl/public/normajuridica/2020/2921/lei_1158_indiapora-sp_19_de_agosto_de_2020.pdf\" target=\"_self\" title=\"Clique e veja\">Lei 1.158/2020 Indiapor\u00e3 SP 19/08/2020 -\u00a0Pra\u00e7a Atacil Luiz Arantes</a></span></span></p>\r\n<p><span><span><span>===========================================================================================</span></span></span></p>\r\n<table class=\"plain\">\r\n<tbody>\r\n<tr><th colspan=\"2\"><img src=\"https://www.indiapora.sp.leg.br/institucional/fotos/personalidades-denominadas/atacil-luiz-arantes/@@images/50ca99f9-19aa-4622-9f0d-67daa44da9ef.jpeg\" style=\"float: right; \" title=\"Atacil Luiz Arantes\" class=\"image-inline\" alt=\"Pra\u00e7a Atacil Luiz Arantes\" />\r\n<p><b>ATACIL LUIZ ARANTES</b></p>\r\n<p>Atacil Luiz Arantes nasceu dia 12 de setembro de 1919, na cidade de Patos, hoje Paulo de Farias, filho de Orozimbo Luiz Arantes e Francisca Menezes Arantes. Mudou-se para Itapor\u00e3, hoje Indiapor\u00e3, com 20 anos de idade. Teve a mudan\u00e7a transportada por carro de boi.</p>\r\n<p><span>Logo que chegou ao munic\u00edpio, encontrou sua primeira paix\u00e3o, Ormeziria, aquela que viria a ser a m\u00e3e de seus primeiros filhos, mas foi recrutado para o exercito de Campo Grande, deixando-a na espera para que se casassem em seu retorno, o que realmente aconteceu. Deste casamento tiveram 7 filhos: Aladir, Maria Francisca, Alamir, Carmem, Araci, Atacil Junior e Ormeziria (Mi).</span></p>\r\n<p>Atacil ficou vi\u00favo e casou-se com a senhora Jalda, sua segunda esposa, tendo mais 04 rebentos: Vera, V\u00e2nia, Othaydes e Vivian; completando ent\u00e3o 11 filhos e deles 26 netos e 30 bisnetos.</p>\r\n<p>Em 1942 foi convocado pelo Ex\u00e9rcito Brasileiro, para servir a Segunda Guerra Mundial, tendo sido dispensado por ter se casado e j\u00e1 ter tido seu primeiro filho, Aladir Ant\u00f4nio Arantes.</p>\r\n<p>Foi eleito vereador por 3 mandatos em Indiapor\u00e3, sendo eleito tamb\u00e9m 1\u00ba presidente da c\u00e2mara e permanecendo neste cargo por mais 3 anos seguidos, de 1955 a 1958. Neste per\u00edodo, Atacil Luiz Arantes apresentou projetos de suma import\u00e2ncia enquanto, dentre eles um se destaca: instituiu o descanso semanal remunerado, pois at\u00e9 ent\u00e3o trabalhava-se de domingo a domingo e tamb\u00e9m sugeriu a 1\u00aa sess\u00e3o solene em comemora\u00e7\u00e3o ao dia do munic\u00edpio em 12 de maio de 1958. Trabalhou 18 anos em prol ao munic\u00edpio sem remunera\u00e7\u00e3o, visando seu desenvolvimento e bem estar da popula\u00e7\u00e3o.</p>\r\n<p>\u00a0<span>Dentre seus trabalhos destacam-se: os tr\u00eas mandatos de vereador, aux\u00edlio na Constru\u00e7\u00e3o da 1\u00aa Igreja Matriz, doa\u00e7\u00e3o do sino de badalo, trabalhou com mobral e foi presidente do CCI.</span></p>\r\n<p>Residiu em Indiapor\u00e3 por 80 anos e veio a falecer em 02 de dezembro de 2019, sendo hoje feita esta justa homenagem.</p>\r\n</th></tr>\r\n</tbody>\r\n</table>\r\n<p>===========================================================================================</p>\r\n<p><b>PROJETO DE LEI DO LEGISLATIVO N\u00ba 81/2020</b><b>\u00a0</b></p>\r\n<p>D\u00e1 denomina\u00e7\u00e3o de PRA\u00c7A ATACIL LUIZ ARANTES \u00e0 logradouro p\u00fablico no Munic\u00edpio de Indiapor\u00e3-SP.</p>\r\n<p>\u00a0\u00a0\u00a0\u00a0\u00a0\u00a0\u00a0\u00a0 Art. 1\u00ba A Pra\u00e7a da COHAB \u201cCLAUDIO RIBEIRO CORR\u00caA\u201d desta cidade, denominar-se-\u00e1 PRA\u00c7A ATACIL LUIZ ARANTES.</p>\r\n<p>\u00a0\u00a0\u00a0\u00a0\u00a0\u00a0\u00a0\u00a0 <b>Art. 2\u00ba</b> Esta lei entra em vigor na data de sua publica\u00e7\u00e3o.</p>\r\n<p>\u00a0\u00a0\u00a0\u00a0\u00a0\u00a0\u00a0\u00a0 <b>Art. 3\u00ba</b>\u00a0 Revogam-se as disposi\u00e7\u00f5es contr\u00e1rias.</p>\r\n<p>\u00a0\u00a0\u00a0\u00a0\u00a0\u00a0\u00a0\u00a0 Plen\u00e1rio Jos\u00e9 Batista Maldonado, 10 de agosto de 2020.<b><i>\u00a0</i></b></p>\r\n<p><b><i></i></b><span>CRISTINA AYDAR ARANTES</span></p>\r\n<p><span></span><span>- VEREADORA PROS -</span></p>", "author_name": "", "version": "1.0", "author_url": "https://www.indiapora.sp.leg.br/author/ind", "provider_name": "Indiapor\u00e3 - C\u00e2mara Municipal Indiapor\u00e3", "type": "rich"}