{"provider_url": "https://www.indiapora.sp.leg.br", "title": "Rua Luiz Gonzaga Sant'Ana", "html": "<p>\u00a0</p>\r\n<p>\u00a0</p>\r\n<p>===========================================================================================</p>\r\n<table class=\"plain\">\r\n<tbody>\r\n<tr><th><img src=\"https://www.indiapora.sp.leg.br/institucional/fotos/banners/banner_SEM%20FOTO%20ok.jpg/@@images/7504618a-b348-4582-bfe9-c57aa121acaf.jpeg\" alt=\"Rua Oswaldo Vieira de Queiroz em Indiapor\u00e3-SP\" style=\"float: right; \" class=\"image-inline\" title=\"Oswaldo Vieira de Queiroz\" />\r\n<p>\u00a0\u00a0\u00a0</p>\r\n<p>LUIZ GONZAGA SANT\u2019ANA</p>\r\n<p>\u00a0\u00a0\u00a0\u00a0\u00a0\u00a0\u00a0\u00a0\u00a0\u00a0\u00a0\u00a0\u00a0\u00a0 O senhor Luiz Gonzaga era casado com dona Maria M\u00e1xima de Jesus e conceberam os filhos: Maria M\u00e1xima, Jos\u00e9 Severiano Sant\u2019Ana. Manoel Gonzaga Sant\u2019Ana, Teresa Sant\u2019Ana, Isabel Sant\u2019Ana, Francisco Sant\u2019Ana, Lucas Sant\u2019Ana, Antonio Proc\u00f3pio de Sant\u2019Ana e Bertolino Sant\u2019Ana Policarpo.</p>\r\n<p>\u00a0\u00a0\u00a0\u00a0\u00a0\u00a0\u00a0\u00a0\u00a0\u00a0\u00a0\u00a0\u00a0\u00a0 Luiz Gonzaga recebeu 120 alqueires de terras, como heran\u00e7a de seu sogro, Manoel Dutra de Sant\u2019Ana. N\u00e3o era homem atra\u00eddo pelos neg\u00f3cios, mas era trabalhador, respons\u00e1vel, conservador e gostava de fartura. Toda a fam\u00edlia era hospitaleira. <em>\"Sou testemunha ocular da hist\u00f3ria, pois morei na cachoeira dos \u00edndios, juntamente com minha m\u00e3e e meus irm\u00e3os faz\u00edamos viagens sempre a p\u00e9, sendo que a estrada passava na frente da sua casa, onde par\u00e1vamos para descansar e \u00e9ramos muito bem recebidos.\"</em></p>\r\n<p>\u00a0\u00a0\u00a0\u00a0\u00a0\u00a0\u00a0\u00a0\u00a0\u00a0\u00a0\u00a0\u00a0\u00a0 O senhor Luiz Gonzaga e esposa deixaram a propriedade de heran\u00e7a para os filhos.</p>\r\n<p>=======================================================================</p>\r\n<p><b>Texto extra\u00eddo do Livro Mem\u00f3rias de Indiapor\u00e3, Editora Ferjal 2000, Adelino Francisco do Nascimento, p\u00e1gina 34.</b></p>\r\n<p>=======================================================================</p>\r\n<p>Data de Nascimento: ____________ e local: _____________</p>\r\n<p>Faleceu dia: ___________________</p>\r\n<p>Pai: __________________________</p>\r\n<p>M\u00e3e:_________________________\u00a0\u00a0\u00a0\u00a0\u00a0\u00a0\u00a0\u00a0\u00a0\u00a0\u00a0\u00a0\u00a0\u00a0\u00a0\u00a0\u00a0\u00a0\u00a0\u00a0\u00a0\u00a0\u00a0\u00a0\u00a0\u00a0\u00a0\u00a0\u00a0\u00a0\u00a0\u00a0\u00a0\u00a0\u00a0\u00a0\u00a0\u00a0\u00a0\u00a0\u00a0\u00a0\u00a0\u00a0\u00a0\u00a0\u00a0\u00a0\u00a0\u00a0\u00a0\u00a0\u00a0\u00a0\u00a0\u00a0\u00a0\u00a0\u00a0\u00a0\u00a0\u00a0\u00a0\u00a0\u00a0\u00a0\u00a0\u00a0\u00a0\u00a0\u00a0\u00a0\u00a0\u00a0\u00a0\u00a0\u00a0\u00a0\u00a0\u00a0\u00a0\u00a0\u00a0\u00a0\u00a0\u00a0\u00a0\u00a0\u00a0\u00a0\u00a0\u00a0\u00a0\u00a0\u00a0\u00a0\u00a0\u00a0\u00a0\u00a0\u00a0\u00a0\u00a0\u00a0\u00a0\u00a0\u00a0\u00a0\u00a0\u00a0\u00a0\u00a0\u00a0\u00a0\u00a0\u00a0\u00a0\u00a0\u00a0\u00a0\u00a0\u00a0\u00a0\u00a0\u00a0\u00a0\u00a0\u00a0\u00a0\u00a0\u00a0\u00a0\u00a0\u00a0\u00a0\u00a0\u00a0\u00a0\u00a0\u00a0\u00a0\u00a0\u00a0\u00a0\u00a0\u00a0\u00a0\u00a0\u00a0\u00a0\u00a0\u00a0\u00a0\u00a0\u00a0\u00a0\u00a0\u00a0\u00a0\u00a0\u00a0\u00a0\u00a0\u00a0\u00a0\u00a0\u00a0\u00a0\u00a0\u00a0\u00a0\u00a0\u00a0\u00a0</p>\r\n</th></tr>\r\n</tbody>\r\n</table>\r\n<p class=\"image-inline\" title=\"\"><span></span>\u00a0</p>", "author_name": "", "version": "1.0", "author_url": "https://www.indiapora.sp.leg.br/author/ind", "provider_name": "Indiapor\u00e3 - C\u00e2mara Municipal Indiapor\u00e3", "type": "rich"}