{"provider_url": "https://www.indiapora.sp.leg.br", "title": "Rua Arthur Jos\u00e9 de Abreu", "html": "<p>\u00a0<span>===========================================================================================</span></p>\r\n<div id=\"content-core\">\r\n<div id=\"parent-fieldname-text-8aafaadc1e204fc8960cceace21ccb1a\">\r\n<div id=\"content-core\">\r\n<div id=\"parent-fieldname-text-cf110e3ddf8f492da87980d979df7852\">\r\n<div id=\"content-core\">\r\n<div id=\"parent-fieldname-text-0faf41bc8b054b60a294e990ef1d7373\">\r\n<p><a class=\"external-link\" href=\"https://sapl.indiapora.sp.leg.br/media/sapl/public/normajuridica/2022/3158/lei_1366_indiapora-sp_de_11_de_agosto_de_2022.pdf\" target=\"_self\" title=\"Rua Arthur Jos\u00e9 de Abreu\">\u00a0Lei 1.366/2022 Indiapor\u00e3 SP 11/08/2022 -\u00a0Rua Arthur Jos\u00e9 de Abreu</a></p>\r\n<p><span><span>===========================================================================================</span></span></p>\r\n<table class=\"plain\">\r\n<tbody>\r\n<tr><th><strong><img src=\"https://www.indiapora.sp.leg.br/institucional/fotos/personalidades-denominadas/ArthurJosdeAbreu.jpg\" alt=\"India Bonita\" style=\"float: right; \" class=\"image-inline\" title=\"India Bonita\" /></strong>\r\n<p>ARTHUR JOS\u00c9 DE ABREU, nasceu dia 27 de dezembro de 1927 em S\u00e3o Paulo, Estado de S\u00e3o Paulo. Filho do senhor Eduardo Antonio de Abreu e dona Luiza Durice.</p>\r\n<p>\u00a0</p>\r\n<p>Arthur Jos\u00e9 de Abreu estudou at\u00e9 a 4\u00aa s\u00e9rie na cidade de S\u00e3o Paulo.</p>\r\n<p>\u00a0</p>\r\n<p>Em 28 de janeiro de 1949 casou-se com a senhora Helena Zanqueta de Abreu e desta uni\u00e3o tiveram os filhos: Osvaldo Jos\u00e9 de Abreu, Zumira Zanqueta de Abreu, Ivone Abreu Doreto e Maria de F\u00e1tima Abreu da Silva.</p>\r\n<p>\u00a0</p>\r\n<p>Arthur trabalhou no departamento de sementes e mudas de Fernand\u00f3polis.</p>\r\n<p>Gostava sempre de dizer: \u201cAbra\u00e7o de tamandu\u00e1\u201d</p>\r\n<p>\u00a0</p>\r\n<p>Residiu em Fernand\u00f3polis, na Rua Francisco de Oliveira, n\u00ba 110, no Bairro Aparecida.</p>\r\n<p>\u00a0</p>\r\n<p>No ano de 2007 mudou-se para Indiapor\u00e3.</p>\r\n<p>\u00a0</p>\r\n<p>No dia 19 de abril de 2011, Arthur Jos\u00e9 de Abreu veio a falecer.</p>\r\n<p><span>=========================================================================================</span></p>\r\n</th></tr>\r\n</tbody>\r\n</table>\r\n<div id=\"parent-fieldname-text-0faf41bc8b054b60a294e990ef1d7373\"><b>PROJETO DE LEI N\u00ba 67/2022, DO LEGISLATIVO</b></div>\r\n<div><b></b>D\u00e1 denomina\u00e7\u00e3o de <b>RUA <b>RUA ARTHUR JOS\u00c9 DE ABREU</b></b>\u00a0\u00e0 logradouro p\u00fablico no Munic\u00edpio de Indiapor\u00e3/SP.</div>\r\n<div id=\"parent-fieldname-text-0faf41bc8b054b60a294e990ef1d7373\">\r\n<p><b>\u00a0\u00a0\u00a0\u00a0\u00a0\u00a0\u00a0\u00a0\u00a0\u00a0\u00a0\u00a0\u00a0\u00a0\u00a0\u00a0\u00a0\u00a0 </b></p>\r\n<p><b>\u00a0</b><b>Art. 1\u00ba\u00a0 </b>A Rua B do Loteamento Vale do Formoso, em Indiapor\u00e3/SP, denominar-se-\u00e1 <b>RUA ARTHUR JOS\u00c9 DE ABREU</b>.</p>\r\n<p><b>\u00a0</b><b>Art. 2\u00ba</b>\u00a0 Esta lei entra em vigor na data de sua publica\u00e7\u00e3o.</p>\r\n<p><b>Art. 3\u00ba</b>\u00a0 Revogam-se as disposi\u00e7\u00f5es contr\u00e1rias.</p>\r\n<p>Plen\u00e1rio Jos\u00e9 Batista Maldonado, 16 de maio de 2022.</p>\r\n<p>VALTER ANTONIO MALDONADO</p>\r\n- vereador MDB -\u00a0</div>\r\n</div>\r\n</div>\r\n</div>\r\n</div>\r\n</div>\r\n</div>", "author_name": "", "version": "1.0", "author_url": "https://www.indiapora.sp.leg.br/author/ind", "provider_name": "Indiapor\u00e3 - C\u00e2mara Municipal Indiapor\u00e3", "type": "rich"}