{"provider_url": "https://www.indiapora.sp.leg.br", "title": "Rua Everton Elam Ara\u00fajo", "html": "<p>\u00a0</p>\r\n<div id=\"content-core\">\r\n<div id=\"parent-fieldname-text-0faf41bc8b054b60a294e990ef1d7373\">\r\n<p><span>===========================================================================================</span></p>\r\n<p>\u00a0<a class=\"external-link\" href=\"http://sapl.indiapora.sp.leg.br/sapl_documentos/norma_juridica/2191_texto_integral\" target=\"_self\" title=\"Clique e veja\">Lei 817/2016 Indiapor\u00e3 SP 18/03/2016 -\u00a0Rua Everton Elam Ara\u00fajo</a></p>\r\n<p><span><span>===========================================================================================</span></span></p>\r\n<table class=\"plain\">\r\n<tbody>\r\n<tr><th><img alt=\"India Bonita\" class=\"image-inline\" src=\"../../institucional/fotos/india-bonita/@@images/0b265e6e-10c6-40eb-aea2-053564c528a1.jpeg\" style=\"float: right; \" title=\"India Bonita\" />\r\n<p>\u00a0</p>\r\n<p>EVERTON ELAM ARAUJO, nasceu dia 21 de abril de 1973 em Indiapor\u00e3-SP.</p>\r\n<p>Filho de Jos\u00e9 Ara\u00fajo Sobrinho e Guinora Martins Ara\u00fajo.</p>\r\n<p>Cursou o ensino fundamental e concluiu o 2\u00ba grau na escola Prof. Dathan Cervo.</p>\r\n<p>\u00a0\u00a0\u00a0\u00a0\u00a0\u00a0\u00a0\u00a0\u00a0\u00a0\u00a0\u00a0\u00a0\u00a0\u00a0\u00a0\u00a0\u00a0\u00a0\u00a0\u00a0\u00a0\u00a0 Everton era casado com Jeane Luci Maestrelo Ara\u00fajo e deste matrim\u00f4nio nasceram as filhas: Micaelle, Camily e Valentina. Residia \u00e0 Rua Jo\u00e3o In\u00e1cio de Souza n\u00ba 1616.</p>\r\n<p>\u00a0\u00a0\u00a0\u00a0\u00a0\u00a0\u00a0\u00a0\u00a0\u00a0\u00a0\u00a0\u00a0\u00a0\u00a0\u00a0\u00a0\u00a0\u00a0\u00a0\u00a0\u00a0\u00a0 Vert\u00e3o como era carinhosamente chamado, foi funcion\u00e1rio dos Correios durante vinte e quatro anos, onde desempenhou sua fun\u00e7\u00e3o com amor e dedica\u00e7\u00e3o.</p>\r\n<p>\u00a0\u00a0\u00a0\u00a0\u00a0\u00a0\u00a0\u00a0\u00a0\u00a0\u00a0\u00a0\u00a0\u00a0\u00a0\u00a0\u00a0\u00a0\u00a0\u00a0\u00a0\u00a0\u00a0 Al\u00e9m do seu trabalho no Correios Everton tamb\u00e9m era comerciante h\u00e1 catorze anos, em uma loja de variedades e presentes, gerenciada pela esposa.</p>\r\n<p>\u00a0\u00a0\u00a0\u00a0\u00a0\u00a0\u00a0\u00a0\u00a0\u00a0\u00a0\u00a0\u00a0\u00a0\u00a0\u00a0\u00a0\u00a0\u00a0\u00a0\u00a0\u00a0 Everton candidatou-se nas elei\u00e7\u00f5es municipais para o cargo de vereador em 02 (duas) ocasi\u00f5es, apesar do expressivo n\u00famero de votos n\u00e3o conseguiu eleger-se.</p>\r\n<p>\u00a0\u00a0\u00a0\u00a0\u00a0\u00a0\u00a0\u00a0\u00a0\u00a0\u00a0\u00a0\u00a0\u00a0\u00a0\u00a0\u00a0\u00a0\u00a0\u00a0\u00a0\u00a0\u00a0 Everton sempre achava um tempo para fazer aquilo que tanto gostava, suas pescarias, o que fazia esquecer um pouco o seu vai e vem do dia a dia de trabalho.</p>\r\n<p>\u00a0\u00a0\u00a0\u00a0\u00a0\u00a0\u00a0\u00a0\u00a0\u00a0\u00a0\u00a0\u00a0\u00a0\u00a0\u00a0\u00a0\u00a0\u00a0\u00a0\u00a0\u00a0\u00a0 Ap\u00f3s passar por uma cirurgia, que teve complica\u00e7\u00f5es no p\u00f3s-operat\u00f3rio, ficando hospitalizada v\u00e1rios dias. Dia 18 de junho de 2015, Vert\u00e3o nos deixou e est\u00e1 sepultado no Cemit\u00e9rio de Indiapor\u00e3.</p>\r\n<p>\u00a0\u00a0\u00a0\u00a0\u00a0\u00a0\u00a0\u00a0\u00a0\u00a0\u00a0\u00a0\u00a0\u00a0\u00a0\u00a0\u00a0\u00a0\u00a0\u00a0\u00a0\u00a0\u00a0 Por\u00e9m ficar\u00e1 marcado para sempre o seu sorriso e a sua amizade.</p>\r\n</th></tr>\r\n</tbody>\r\n</table>\r\n<p>===========================================================================================</p>\r\n<p><b>PROJETO DE LEI DO LEGISLATIVO N\u00ba 018/2016, DO LEGISLATIVO<br /></b></p>\r\n<p>Art. 1\u00ba A (Viela) da Quadra 8 que liga a Rua Manuel Urquiza Nogueira com a Rua Innoc\u00eancio Dutra Sant\u2019Anna \u2013 do Munic\u00edpio de Indiapor\u00e3, denominar-se-\u00e1: <b>Rua</b> <b><i>EVERTON ELAM ARAUJO.</i></b></p>\r\n<p align=\"center\" style=\"text-align: left; \"><b>ADRIANO PEREIRA DA SILVA - Vereador P.S.B.</b></p>\r\n<p><b><br /></b></p>\r\n</div>\r\n</div>", "author_name": "", "version": "1.0", "author_url": "https://www.indiapora.sp.leg.br/author/ind", "provider_name": "Indiapor\u00e3 - C\u00e2mara Municipal Indiapor\u00e3", "type": "rich"}