{"provider_url": "https://www.indiapora.sp.leg.br", "title": "Rua Jo\u00e3o In\u00e1cio de Souza", "html": "<p>===========================================================================================</p>\r\n<p><a class=\"external-link\" href=\"http://sapl.indiapora.sp.leg.br/sapl_documentos/norma_juridica/92_texto_integral\" target=\"_self\" title=\"Clique e veja\">Lei 3/1965 Indiapor\u00e3 SP 02/04/1965 -\u00a0Rua Jo\u00e3o In\u00e1cio de Souza</a></p>\r\n<p>===========================================================================================</p>\r\n<table class=\"plain\">\r\n<tbody>\r\n<tr><th>\u00a0\u00a0\u00a0\u00a0\u00a0\u00a0\u00a0\u00a0\u00a0\u00a0\u00a0\u00a0\u00a0\u00a0\u00a0\u00a0\u00a0\u00a0\u00a0\u00a0\u00a0\u00a0\u00a0\u00a0\u00a0 <br />\r\n<p><img src=\"https://www.indiapora.sp.leg.br/institucional/fotos/india-bonita/@@images/ad278758-cb49-4f2e-a966-33587b3b6841.jpeg\" style=\"float: right; \" title=\"India Bonita\" class=\"image-inline\" alt=\"India Bonita\" /> JO\u00c3O IGN\u00c1CIO DE SOUZA</p>\r\n<p>O senhor Jo\u00e3o Ign\u00e1cio de Souza adquiriu do doutor Jos\u00e9 Mendes Pereira &amp; Cia. Caldeiras, em 1920, a quantia de 200 (duzentos) alqueires de terras, no c\u00f3rrego da Estiva. Sendo um dos primeiros moradores da regi\u00e3o, fixou resid\u00eancia \u00e0s margens desse c\u00f3rrego, batizando-o com esse nome, devido a uma grande estiva de madeira feita por eles para enfrentar o atoleiro que se formou no local. Anteriormente nos primeiros mapeamentos, chamava-se Barramento, e era ponto de refer\u00eancia, de onde fizeram seus primeiros contatos com a regi\u00e3o, fixando barracas provis\u00f3rias as fam\u00edlias Jo\u00e3o Ign\u00e1cio, Jo\u00e3o Malaquia, Onofre Ferreira, Antonio Capadinho e Ant\u00f5nio Louren\u00e7o.</p>\r\n<p>Filhos do senhor Jo\u00e3o Ign\u00e1cio de Souza: Fel\u00edcio, Francisco, In\u00e1cio, Jos\u00e9, Jo\u00e3o, Aparecida, Benedita, Maria e Ant\u00f4nio.</p>\r\n<p>O senhor Jo\u00e3o Ign\u00e1cio e sua fam\u00edlia vieram de Ol\u00edmpia-SP, em carros de boi, cavalos e burros. Trouxeram vacas, cavalos, \u00e9guas, cachorros, porcos, galinhas, etc.</p>\r\n<p>Trouxeram armas de fogo, com carabinas, espingardas, cravinotes, cartucheiras, rev\u00f3lveres, garruchas, etc.</p>\r\n<p>Ca\u00e7avam animais em defesa pr\u00f3pria e para combater as on\u00e7as que atacavam os animais dom\u00e9sticos.</p>\r\n<p>Ca\u00e7avam-se porcos selvagens, capivaras, catetos e queixadas para defender as planta\u00e7\u00f5es de milho e arroz.</p>\r\n<p>A cobra sucuri tamb\u00e9m se alimentava dos animais selvagens e dom\u00e9sticos. Por isso dava preju\u00edzo para as fam\u00edlias e deveria ser capturada e morta.</p>\r\n<p>O cachorro era o animal mais amigo e fiel aos donos. Garantia grande parte da seguran\u00e7a, dando alerta ao moradores.</p>\r\n<p>As cobras venenosas tamb\u00e9m davam muitos problemas para as fam\u00edlias pioneiras, pois picavam tanto as cria\u00e7\u00f5es, como tamb\u00e9m as pessoas e, como n\u00e3o havia soro anti-of\u00eddico o tratamento era feito atrav\u00e9s de rem\u00e9dios caseiros extra\u00eddos das plantas, ou pela cren\u00e7a nas benze\u00e7\u00f5es.</p>\r\n<p>Os primeiros trabalhos realizados forma os de abrir as estradas, com ferramentas manuais como: foice, machado, enxad\u00e3o, etc., e com o aux\u00edlio dos pr\u00f3prios carros-de-boi. Depois com o aumento da popula\u00e7\u00e3o, foi montado um sistema de mutir\u00e3o para construir capelas, cemit\u00e9rio, pontes e outras benfeitorias.</p>\r\n<p>O senhor Jo\u00e3o Ign\u00e1cio participava de todos estes eventos e ainda socorria os vizinhos que, porventura, ficassem doentes. Transportava mercadorias para servir a comunidade e tamb\u00e9m hospedava os viajantes.</p>\r\n<p>Possu\u00eda engenho de cana e fazia rapadura, melado e doces. Tinha tamb\u00e9m um tear, com todos os acess\u00f3rios necess\u00e1rios para a prepara\u00e7\u00e3o dos fios utilizados na confec\u00e7\u00e3o de cobertas e das pr\u00f3prias roupas.</p>\r\n<p>Dona ANA TEODORO DE SOUZA, sua esposa, era fiandeira, tecedeira e quitandeira.</p>\r\n<p>A principal renda familiar era obtida pela venda de gado, porco, arroz, feij\u00e3o, milho, algod\u00e3o, rapadura, etc.</p>\r\n<p>A produ\u00e7\u00e3o era quase toda utilizada para o consumo pr\u00f3prio e o que sobrava era comercializado em Tanabi, Rio Preto e Barretos, transportado em carros-de-boi, e no retorno traziam sal, querosene, arame, pregos, ferramentas e outros.</p>\r\n<p>Mais tarde, j\u00e1 nos anos de 1960, apareceram os compradores de mercadorias como arroz, feij\u00e3o, milho, algod\u00e3o, capado, etc., o que diminuiu bastante as dificuldades enfrentadas por essa gente, inclusive os compradores tamb\u00e9m traziam mercadorias, sob encomendas, para seus amigos e clientes.</p>\r\n<p>Conceito do autor: \u00a0\u00a0Geralmente eram pessoas bondosas, trabalhadoras, respeitadoras das fam\u00edlias, prestativas e, acima de tudo, honestas nos neg\u00f3cios. Conheci algumas delas pessoalmente, como os senhores Salom\u00e3o Cance An\u00e7\u00e3o e M\u00e1rio Pozobom.</p>\r\n<p>Data da entrevista para pesquisa: 15 de julho de 1996.</p>\r\n<p>Entrevistados: Jos\u00e9 Ign\u00e1cio de Souza (Juca In\u00e1cio), 82 anos, filho do senhor Jo\u00e3o Ign\u00e1cio, Joana Luiza de Souza, 77 anos, esposa do senhor Juca In\u00e1cio.</p>\r\n<p>Entrevistador: Jesus Ign\u00e1cio de Souza, filho do senhor Juca In\u00e1cio.</p>\r\n<p>\u00c9 considerado uma das fam\u00edlias pioneiras que habitaram a nossa regi\u00e3o.</p>\r\n<p>=========================================================================</p>\r\n<p><b>Texto extra\u00eddo do Livro Mem\u00f3rias de Indiapor\u00e3, Editora Ferjal 2000, Adelino Francisco do Nascimento, p\u00e1ginas 21,22 e 23.</b></p>\r\n<p>\u00a0=========================================================================</p>\r\n<p>\u00a0Esta rua foi denominada devido o senhor Juca In\u00e1cio, filho do denominado, ter doado as terras para a abertura da referida Rua.</p>\r\n<p>Jo\u00e3o Ign\u00e1cio de Souza est\u00e1 sepultado no Cemit\u00e9rio de Indiapor\u00e3.</p>\r\n<p>Data de falecimento: 06/10/1956, com 88 anos.</p>\r\n<p>Em seu t\u00famulo destaca-se a frase: \"Bandeirante que lutou nestas florestas desde 1918\"\u00a0\u00a0\u00a0\u00a0\u00a0\u00a0\u00a0\u00a0\u00a0\u00a0\u00a0\u00a0\u00a0\u00a0\u00a0\u00a0\u00a0\u00a0\u00a0\u00a0\u00a0\u00a0\u00a0\u00a0\u00a0\u00a0\u00a0\u00a0\u00a0\u00a0\u00a0\u00a0\u00a0\u00a0\u00a0\u00a0\u00a0\u00a0\u00a0\u00a0\u00a0\u00a0\u00a0\u00a0\u00a0\u00a0\u00a0\u00a0\u00a0\u00a0\u00a0\u00a0\u00a0\u00a0\u00a0\u00a0\u00a0\u00a0\u00a0\u00a0\u00a0\u00a0\u00a0\u00a0 </p>\r\n<p>Data de Nascimento_______</p>\r\n<p>Local de Nascimento______</p>\r\n<p>\u00a0Pai_____________________</p>\r\n<p>M\u00e3e_____________________</p>\r\n</th></tr>\r\n</tbody>\r\n</table>", "author_name": "", "version": "1.0", "author_url": "https://www.indiapora.sp.leg.br/author/ind", "provider_name": "Indiapor\u00e3 - C\u00e2mara Municipal Indiapor\u00e3", "type": "rich"}