{"provider_url": "https://www.indiapora.sp.leg.br", "title": "Rua Jonas Pedro de Souza", "html": "<p><span>===========================================================================================</span></p>\r\n<p><a class=\"external-link\" href=\"https://sapl.indiapora.sp.leg.br/media/sapl/public/normajuridica/2024/3401/lei_1542_indiapora-sp_15_de_dezembro_de_2024.pdf\" target=\"_self\" title=\"Clique e veja\">Lei 1.542/2024 Indiapor\u00e3 SP 15/12/2024 -\u00a0Rua Jonas Pedro de Souza</a></p>\r\n<p><span>===========================================================================================</span></p>\r\n<table class=\"plain\">\r\n<tbody>\r\n<tr><th><img src=\"https://www.indiapora.sp.leg.br/institucional/fotos/personalidades-denominadas/JonasPedrodeSouza222.jpeg/@@images/9fdc9cf0-859e-496d-bccd-1789f78772a0.jpeg\" style=\"float: right; \" title=\"Jonas Pedro de Souza\" class=\"image-inline\" alt=\"Jonas Pedro de Souza\" />\r\n<p><b>\u00a0\u00a0\u00a0\u00a0\u00a0\u00a0\u00a0\u00a0\u00a0\u00a0\u00a0 JONAS PEDRO DE SOUZA</b>, nasceu dia 20 de abril de 1917, na cidade de S\u00e3o Jos\u00e9 do Rio Preto, Estado de S\u00e3o Paulo.</p>\r\n<p>\u00a0\u00a0\u00a0\u00a0\u00a0\u00a0\u00a0\u00a0\u00a0\u00a0\u00a0 Filha de Pedro Francisco Pereira e Maria Jos\u00e9 de Jesus.</p>\r\n<p>\u00a0\u00a0\u00a0\u00a0\u00a0\u00a0\u00a0\u00a0\u00a0\u00a0\u00a0 Cursou at\u00e9 o prim\u00e1rio incompleto em Riol\u00e2ndia/SP.</p>\r\n<p>\u00a0\u00a0\u00a0\u00a0\u00a0\u00a0\u00a0\u00a0\u00a0\u00a0\u00a0 Casou-se em 08/06/1940, na cidade de Riol\u00e2ndia com a senhora Maria Roza de Souza e desta uni\u00e3o tiveram 9 filhos: Valdomiro, Ism\u00e9ria, Valdemar, Nadir, Nair, Ademar (Demar Vaca), Devanir, Olarina e Adair (Dair Vaca).</p>\r\n<p>\u00a0\u00a0\u00a0\u00a0\u00a0\u00a0\u00a0\u00a0\u00a0\u00a0\u00a0 Jonas Pedro veio para o Munic\u00edpio de Indiapor\u00e3 nos anos de 1945 e comprou um s\u00edtio de 9 alqueires no C\u00f3rrego do Tat\u00fa, nas proximidades do Bairro Tupinamb\u00e1.\u00a0 Foi agricultor de arroz, algod\u00e3o, criador de porcos e gado. Com o desenvolvimento da cidade, j\u00e1 com idade avan\u00e7ando, no ano de 1966, veio a residir em uma Ch\u00e1cara encostada na sede do munic\u00edpio. Sempre trabalhou em suas propriedades.</p>\r\n<p>\u00a0\u00a0\u00a0\u00a0\u00a0\u00a0\u00a0\u00a0\u00a0\u00a0\u00a0 Foi um grande colaborador com a Par\u00f3quia S\u00e3o Jo\u00e3o Batista de Indiapor\u00e3.</p>\r\n<p>\u00a0\u00a0\u00a0\u00a0\u00a0\u00a0\u00a0\u00a0\u00a0\u00a0\u00a0 A Lei municipal n\u00ba 5/1973 desapropriou um terreno 25m x 25m, na Ch\u00e1cara Boa Esperan\u00e7a do senhor Jonas Pedro de Souza, e foi constru\u00eddo um dos po\u00e7os artesianos que servem para o abastecimento de \u00e1gua do munic\u00edpio.</p>\r\n<p>\u00a0\u00a0\u00a0\u00a0\u00a0\u00a0\u00a0\u00a0\u00a0\u00a0\u00a0 Jonas Pedro de Souza percorria este caminho para ir e vir a cidade, desde quando se mudou para esta ch\u00e1cara.</p>\r\n<p>\u00a0\u00a0\u00a0\u00a0\u00a0\u00a0\u00a0\u00a0\u00a0\u00a0\u00a0 No dia 09 de junho de 1993 veio a falecer, na Santa Casa desta cidade, com 76 anos de idade. Est\u00e1 sepultado no Cemit\u00e9rio Municipal de Indiapor\u00e3. Jonas Pedro deixou v\u00e1rios descendentes, que residem atualmente nesta cidade, filhos e netos e bisnetos.</p>\r\n</th></tr>\r\n</tbody>\r\n</table>\r\n<p style=\"text-align: justify; \">\u00a0<span>===========================================================================================</span></p>\r\n<p style=\"text-align: justify; \"><b>PROJETO DE LEI N\u00ba 052/2024, DO LEGISLATIVO</b></p>\r\n<p><b></b>D\u00e1 denomina\u00e7\u00e3o de\u00a0RUA JONAS PEDRO DE SOUZA \u00e0 logradouro p\u00fablico no Munic\u00edpio de Indiapor\u00e3/SP.</p>\r\n<p><b>\u00a0\u00a0</b><b>Art. 1\u00ba\u00a0 </b>O trecho inicial da Estrada Municipal INP-040 que liga Indiapor\u00e3 \u00e0 Guarani D\u2019Oeste, no per\u00edmetro urbano, at\u00e9 o entroncamento com a Rua 3 da Cohab Claudio Ribeiro Corr\u00eaa, do Munic\u00edpio de Indiapor\u00e3, denominar-se-\u00e1 \u201c<b>RUA JONAS PEDRO DE SOUZA</b>\u201d.</p>\r\n<p><b>\u00a0</b>\u00a0<b>Art. 2\u00ba</b>\u00a0 Esta lei entra em vigor na data de sua publica\u00e7\u00e3o.</p>\r\n<p><b>\u00a0</b><b>Art. 3\u00ba</b>\u00a0 Revogam-se as disposi\u00e7\u00f5es contr\u00e1rias.</p>\r\n<p>\u00a0Plen\u00e1rio Jos\u00e9 Batista Maldonado, 21 de novembro de 2024.</p>\r\n<p>JOS\u00c9 CARLOS SANTANA</p>\r\n<p>\u2013 vereador Republicanos \u2013</p>\r\n<p><span style=\"text-align: justify; \"><br /></span></p>", "author_name": "", "version": "1.0", "author_url": "https://www.indiapora.sp.leg.br/author/ind", "provider_name": "Indiapor\u00e3 - C\u00e2mara Municipal Indiapor\u00e3", "type": "rich"}