{"provider_url": "https://www.indiapora.sp.leg.br", "title": "Rua Olentino Jos\u00e9 Martins", "html": "<p>===========================================================================================</p>\r\n<p><a class=\"external-link\" href=\"http://sapl.indiapora.sp.leg.br/sapl_documentos/norma_juridica/1765_texto_integral\" target=\"_self\" title=\"Clique e veja\">Lei 90/2003 Indiapor\u00e3 SP 15/10/2003 -\u00a0Rua Olentino Jos\u00e9 Martins</a></p>\r\n<p>===========================================================================================</p>\r\n<table class=\"plain\">\r\n<tbody>\r\n<tr><th>\r\n<p><img src=\"https://www.indiapora.sp.leg.br/institucional/fotos/personalidades-denominadas/olentino-jose-martins/@@images/5b040873-c689-4b86-a31b-6dd5d3aca78f.jpeg\" style=\"float: right; \" title=\"Olentino Jos\u00e9 Martins\" class=\"image-inline\" alt=\"Rua Olentino Jos\u00e9 Martins no Bairro Vila Mariana em Indiapor\u00e3-SP.\" /> OLENTINO JOS\u00c9 MARTINS</p>\r\n<p>\u00a0\u00a0\u00a0\u00a0\u00a0\u00a0\u00a0\u00a0\u00a0\u00a0\u00a0\u00a0\u00a0\u00a0\u00a0 O senhor Olentino era casado com dona Quintina Maria de Jesus e conceberam 8 filhos: Hortenc\u00edlia, Maria Joana, Vicente, Jer\u00f4nimo, Jos\u00e9, Manoel, Adair e Aleixo.</p>\r\n<p>\u00a0\u00a0\u00a0\u00a0\u00a0\u00a0\u00a0\u00a0\u00a0\u00a0\u00a0\u00a0\u00a0\u00a0 Vieram de Lageado, hoje Itapagipe, no tri\u00e2ngulo mineiro.</p>\r\n<p>\u00a0\u00a0\u00a0\u00a0\u00a0\u00a0\u00a0\u00a0\u00a0\u00a0\u00a0\u00a0\u00a0\u00a0 O transporte foi feito de carro-de-boi e chegaram no dia 17 de maio de 1935.</p>\r\n<p>\u00a0\u00a0\u00a0\u00a0\u00a0\u00a0\u00a0\u00a0\u00a0\u00a0\u00a0\u00a0\u00a0\u00a0 Trabalharam de agregados para os senhor Sebasti\u00e3o Vaes. Al\u00e9m de roceiro, Olentino foi o segundo oleiro da regi\u00e3o.</p>\r\n<p>\u00a0\u00a0\u00a0\u00a0\u00a0\u00a0\u00a0\u00a0\u00a0\u00a0\u00a0\u00a0\u00a0\u00a0 Sua passagem por aqui foi marcante, pois at\u00e9 hoje existem casa constru\u00eddas com tijolos fabricados por ele, tanto na cidade, como na zona rural.</p>\r\n<p>\u00a0\u00a0\u00a0\u00a0\u00a0\u00a0\u00a0\u00a0\u00a0\u00a0\u00a0\u00a0\u00a0\u00a0 Seu nome jamais ser\u00e1 esquecido.</p>\r\n<p>\u00a0\u00a0\u00a0\u00a0\u00a0\u00a0\u00a0\u00a0\u00a0\u00a0\u00a0\u00a0\u00a0\u00a0 Faleceu no dia 21 de junho de 1969.</p>\r\n<p>\u00a0\u00a0\u00a0\u00a0\u00a0\u00a0\u00a0\u00a0\u00a0\u00a0\u00a0\u00a0\u00a0\u00a0 Pesquisa feita em 25 de abril de 1997.</p>\r\n<p>\u00a0\u00a0\u00a0\u00a0\u00a0\u00a0\u00a0\u00a0\u00a0\u00a0\u00a0\u00a0\u00a0\u00a0 Entrevistado: Vicente Jos\u00e9 Martins.</p>\r\n<p>\u00a0\u00a0\u00a0\u00a0\u00a0\u00a0\u00a0\u00a0\u00a0\u00a0\u00a0\u00a0\u00a0\u00a0 Entrevistador: Adelino Francisco do Nascimento</p>\r\n<p>=====================================================================</p>\r\n<p><b>Texto extra\u00eddo do Livro Mem\u00f3rias de Indiapor\u00e3, Editora Ferjal 2000, Adelino Francisco do Nascimento, p\u00e1gina 32.</b></p>\r\n<p>=======================================================================</p>\r\n<p>Data de Nascimento: 11/09/1892</p>\r\n<p>Pai: Vicente Jos\u00e9 Martins</p>\r\n<p>M\u00e3e:_________________________</p>\r\n</th></tr>\r\n</tbody>\r\n</table>", "author_name": "", "version": "1.0", "author_url": "https://www.indiapora.sp.leg.br/author/ind", "provider_name": "Indiapor\u00e3 - C\u00e2mara Municipal Indiapor\u00e3", "type": "rich"}