{"provider_url": "https://www.indiapora.sp.leg.br", "title": "Rua Orozimbo Luiz Arantes", "html": "<p>=================================================================================</p>\r\n<p><a class=\"external-link\" href=\"http://sapl.indiapora.sp.leg.br/sapl_documentos/norma_juridica/448_texto_integral\" target=\"_self\" title=\"Clique e veja\">Lei 31/1973 Indiapor\u00e3 SP 16/08/1973 - Rua Orozimbo Luiz Arantes</a></p>\r\n<p>=================================================================================</p>\r\n<p>\u00a0</p>\r\n<table class=\"plain\">\r\n<tbody>\r\n<tr><th><img src=\"https://www.indiapora.sp.leg.br/institucional/fotos/personalidades-denominadas/orozimbo-luiz-arantes/@@images/c3e098e5-b26e-45d2-879f-87afbfabfa1d.jpeg\" alt=\"Rua Oswaldo Vieira de Queiroz em Indiapor\u00e3-SP\" style=\"float: right; \" class=\"image-inline\" title=\"Oswaldo Vieira de Queiroz\" />\r\n<p>OROZIMBO LUIZ ARANTES</p>\r\n<p>Nasceu dia 26/12/1894</p>\r\n<p>na cidade de</p>\r\n<p>Faleceu no dia 04/08/1973 com 78 anos de idade.<span>\u00a0</span></p>\r\n<p>Esta Rua denominada com o seu nome, pois j\u00e1 se chamava Arantes em men\u00e7\u00e3o \u00e0 sua fam\u00edlia.</p>\r\n<p>==========================================================</p>\r\n<p>\u00a0 \u00a0 \u00a0 \u00a0 \u00a0 \u00a0 \u00a0 O senhor Orozimbo Lu\u00eds Arantes era casado com a senhora Francisca Azambuja e conceberam 13 filhos: Adil, Atacyl, Adito, Aci (Cici), Ani, Sebasti\u00e3o, Arlito, Daul, Vicente, C\u00e2ndida, Ayres, Maria \u00c1urea e Ant\u00f4nio.</p>\r\n<p>\u00a0\u00a0\u00a0\u00a0\u00a0\u00a0\u00a0\u00a0\u00a0\u00a0\u00a0\u00a0\u00a0\u00a0 O senhor Orozimbo ficou vi\u00favo e casou-se pela segunda vez com a senhora Altair Menezes Prata, mudaram-se para a fazenda \u00c1gua Vermelha e o casal teve 04 filhos: Otenevil, Orozimbo, Janu\u00e1ria e Ad\u00e9lia.</p>\r\n<p>\u00a0\u00a0\u00a0\u00a0\u00a0\u00a0\u00a0\u00a0\u00a0\u00a0\u00a0\u00a0\u00a0\u00a0 Vieram de Paulo de Faria, em 1941, transportados por caminh\u00e3o, sendo que os filhos Adil, Atacyl e Adito vieram em 1939, de carro de bois.</p>\r\n<p>\u00a0\u00a0\u00a0\u00a0\u00a0\u00a0\u00a0\u00a0\u00a0\u00a0\u00a0\u00a0\u00a0\u00a0 O senhor Orozimbo adquiriu uma propriedade de terras que continha 1.200 alqueires, que foram permutados por 190 alqueires em Paulo de Faria, com os senhores Napole\u00e3o e C\u00e9sar Moura.</p>\r\n<p>\u00a0\u00a0\u00a0\u00a0\u00a0\u00a0\u00a0\u00a0\u00a0\u00a0\u00a0\u00a0\u00a0\u00a0 Trouxeram v\u00e1rios meeiros, que vieram em carros de bois e dentre eles Alfredo Ferreira, Orozino Ferreira, Bentinho e seu cunhado Belarmino, Joaquim Carrinho, Chico Coleta e seu cunhado, Miguel Matias. O senhor Nofredo e fam\u00edlia j\u00e1 moravam na fazenda.</p>\r\n<p>\u00a0\u00a0\u00a0\u00a0\u00a0\u00a0\u00a0\u00a0\u00a0\u00a0\u00a0\u00a0\u00a0\u00a0 O senhor Orozimbo trouxe 10 vacas leiteiras, cavalos e porcos e armas de fogo, como uma carabina 44 e um rev\u00f3lver 38.</p>\r\n<p>\u00a0\u00a0\u00a0\u00a0\u00a0\u00a0\u00a0\u00a0\u00a0\u00a0\u00a0\u00a0\u00a0\u00a0 N\u00e3o era ca\u00e7ador e nem pescador.</p>\r\n<p>\u00a0\u00a0\u00a0\u00a0\u00a0\u00a0\u00a0\u00a0\u00a0\u00a0\u00a0\u00a0\u00a0\u00a0 Era cat\u00f3lico e participava das festas de igreja e foi festeiro no ano de 1946. Dava bons exemplos, era um bom conselheiro e sempre interferia nas desaven\u00e7as dos vizinhos para a concilia\u00e7\u00e3o, al\u00e9m disso, tamb\u00e9m hospedava em sua casa os viajantes que passavam pela estrada, com destino a Minas Gerais.</p>\r\n<p>\u00a0\u00a0\u00a0\u00a0\u00a0\u00a0\u00a0\u00a0\u00a0\u00a0\u00a0\u00a0\u00a0\u00a0 O senhor Orozimbo Arantes n\u00e3o participava das comiss\u00f5es sociais que se organizavam, mas ajudava financeiramente com tudo o que lhe pedissem. Colaborou com a constru\u00e7\u00e3o de pontes, escola, clube, campo de avia\u00e7\u00e3o, postes para energia el\u00e9trica, etc.</p>\r\n<p>\u00a0\u00a0\u00a0\u00a0\u00a0\u00a0\u00a0\u00a0\u00a0\u00a0\u00a0\u00a0\u00a0\u00a0 Filosofia: Certa vez, conversando sobre neg\u00f3cios, ele me disse que \u00e9 preciso ter dinheiro para se faz\u00ea-los, porque, com o dinheiro, bons neg\u00f3cios n\u00e3o v\u00e3o faltar.</p>\r\n<p>\u00a0\u00a0\u00a0\u00a0\u00a0\u00a0\u00a0\u00a0\u00a0\u00a0\u00a0\u00a0\u00a0\u00a0 Curiosidade: Na sua fazenda habia uma bomba d\u2019\u00e1gua interessante. Puxava \u00e1gua do c\u00f3rrego para uma caixa que ficava l\u00e1 em cima, ao lado da casa. Chama-se ariete ou carneiro, e a gente ficava horas e horas vendo a geringon\u00e7a trabalhar.</p>\r\n<p>\u00a0\u00a0\u00a0\u00a0\u00a0\u00a0\u00a0\u00a0\u00a0\u00a0\u00a0\u00a0\u00a0\u00a0 A sua principal fonte de renda era gado e porcos. O gado era tocado para Barretos ou Rio Preto. O capataz dos boiadeiros era o senhor Jos\u00e9 Teodoro e os pe\u00f5es eram Jer\u00f4nimo Severino e seus filhos. Os porcos eram vendidos aos senhores Jos\u00e9 Salim ou Salom\u00e3o Ans\u00e3o. O senhor Orozimbo sempre trajava um terno de brim, de prefer\u00eancia c\u00e1qui, de marca Argos.</p>\r\n<p>\u00a0\u00a0\u00a0\u00a0\u00a0\u00a0\u00a0\u00a0\u00a0\u00a0\u00a0\u00a0\u00a0\u00a0 Faleceu no dia 04 de agosto de 1973, com 82 anos de idade.</p>\r\n<p>\u00a0\u00a0\u00a0\u00a0\u00a0\u00a0\u00a0\u00a0\u00a0\u00a0\u00a0\u00a0\u00a0\u00a0 Deixou a propriedade de heran\u00e7a para os filhos.</p>\r\n<p>\u00a0\u00a0\u00a0\u00a0\u00a0\u00a0\u00a0\u00a0\u00a0\u00a0\u00a0\u00a0\u00a0\u00a0 Entrevistado: Adito Luiz Arantes.</p>\r\n<p>\u00a0\u00a0\u00a0\u00a0\u00a0\u00a0\u00a0\u00a0\u00a0\u00a0\u00a0\u00a0\u00a0\u00a0 Entrevistador: Adelino Francisco do Nascimento.</p>\r\n<p>=====================================================================</p>\r\n<p>Texto extra\u00eddo do Livro Mem\u00f3rias de Indiapor\u00e3, Editora Ferjal 2000, Adelino Francisco do Nascimento, p\u00e1ginas 86 e 87.</p>\r\n<p>=======================================================================<span>\u00a0 \u00a0 \u00a0 \u00a0 \u00a0 \u00a0 \u00a0 \u00a0 \u00a0 \u00a0 \u00a0\u00a0</span></p>\r\n</th></tr>\r\n</tbody>\r\n</table>\r\n<table class=\"plain\">\r\n<tbody>\r\n<tr><th></th></tr>\r\n</tbody>\r\n</table>", "author_name": "", "version": "1.0", "author_url": "https://www.indiapora.sp.leg.br/author/ind", "provider_name": "Indiapor\u00e3 - C\u00e2mara Municipal Indiapor\u00e3", "type": "rich"}