{"provider_url": "https://www.indiapora.sp.leg.br", "title": "Rua Osvaldo Humer", "html": "<p><span>===========================================================================================</span></p>\r\n<p><a class=\"external-link\" href=\"https://sapl.indiapora.sp.leg.br/media/sapl/public/normajuridica/2024/3385/lei_1528_indiapora-sp_18_de_junho_de_2024.pdf\" target=\"_self\" title=\"Clique e veja\">Lei 1.528/2024 Indiapor\u00e3 SP 18/06/2024 -\u00a0Rua Osvaldo Humer</a></p>\r\n<p><span>===========================================================================================</span></p>\r\n<table class=\"plain\">\r\n<tbody>\r\n<tr><th><img src=\"https://www.indiapora.sp.leg.br/institucional/fotos/personalidades-denominadas/PL.36.2024_fotoaRuaOsvaldoHumer.jpeg/@@images/cfe4ad15-86dc-47c3-94f8-ba9cad5c4715.jpeg\" style=\"float: right; \" title=\"Osvaldo Humer\" class=\"image-inline\" alt=\"Osvaldo Humer\" />\r\n<p>Osvaldo Humer, nasceu dia 26 de dezembro de 1948, na cidade de B\u00e1lsamo, Estado de S\u00e3o Paulo.</p>\r\n<p>\u00a0\u00a0\u00a0\u00a0\u00a0\u00a0\u00a0\u00a0\u00a0\u00a0\u00a0\u00a0\u00a0\u00a0\u00a0\u00a0\u00a0\u00a0 Filho de Jos\u00e9 Ara\u00fajo H\u00famer e de Madalena Vila Humer, tem seis irm\u00e3os.</p>\r\n<p>\u00a0\u00a0\u00a0\u00a0\u00a0\u00a0\u00a0\u00a0\u00a0\u00a0\u00a0\u00a0\u00a0\u00a0\u00a0\u00a0\u00a0\u00a0 Cursou at\u00e9 o 4\u00ba ano prim\u00e1rio, e com 12 anos de idade come\u00e7ou a trabalhar na ro\u00e7a.</p>\r\n<p>\u00a0\u00a0\u00a0\u00a0\u00a0\u00a0\u00a0\u00a0\u00a0\u00a0\u00a0\u00a0\u00a0\u00a0\u00a0\u00a0\u00a0\u00a0 Em 1968 teve seu primeiro registro em carteira na firma Conspauli, sendo tratorista, logo passou a trabalhar com m\u00e1quinas na condi\u00e7\u00e3o de patroleiro, indo trabalhar em Clementina/SP, onde conheceu sua esposa.</p>\r\n<p>Casou-se em 22 de julho de 1972 com Luzia Zanini Humer e desta uni\u00e3o tiveram os filhos: Fernando Cesar Humer, Fabiano Jesus Humer e Alexandre Humer.</p>\r\n<p>\u00a0\u00a0\u00a0\u00a0\u00a0\u00a0\u00a0\u00a0\u00a0\u00a0\u00a0\u00a0\u00a0\u00a0\u00a0\u00a0\u00a0\u00a0 Em outubro de 1972, o senhor Osvaldo veio trabalhar e residir em Indiapor\u00e3. Era funcion\u00e1rio da empresa Dameta, empresa que atuava no ramo de terraplanagem na constru\u00e7\u00e3o do n\u00facleo da CESP e trabalhava como patroleiro.</p>\r\n<p>\u00a0\u00a0\u00a0\u00a0\u00a0\u00a0\u00a0\u00a0\u00a0\u00a0\u00a0\u00a0\u00a0\u00a0\u00a0\u00a0\u00a0\u00a0 Em 1977 come\u00e7ou a trabalhar na Prefeitura Municipal de Indiapor\u00e3, tamb\u00e9m na fun\u00e7\u00e3o de patroleiro at\u00e9 aposentar-se. Em 07/10/2010 ingressou novamente no servi\u00e7o p\u00fablico do munic\u00edpio na fun\u00e7\u00e3o de motorista, at\u00e9 dias antes de sua cirurgia.</p>\r\n<p>\u00a0\u00a0\u00a0\u00a0\u00a0\u00a0\u00a0\u00a0\u00a0\u00a0\u00a0\u00a0\u00a0\u00a0\u00a0\u00a0\u00a0\u00a0 Por todo seu trabalho no desenvolvimento e crescimento do nosso munic\u00edpio, principalmente nivelando as ruas para que fossem asfaltadas, nada mais justo em homenage\u00e1-lo, dando seu nome em uma de tantas ruas em que certamente tem muito de seu trabalho.</p>\r\n<p>\u00a0\u00a0\u00a0\u00a0\u00a0\u00a0\u00a0\u00a0\u00a0\u00a0\u00a0\u00a0\u00a0\u00a0\u00a0\u00a0\u00a0\u00a0 Conhecido carinhosamente em Indiapor\u00e3 pelo apelido de \u201cBoi\u201d ou \u201cBoi v\u00e9io\u201d, devido seu filho herdar o apelido de \u201cFernando Boi\u201d.</p>\r\n<p>Colaborou com diversas entidades locais e da regi\u00e3o, entre elas a Apae, quermesses, hospital de amor.</p>\r\n<p>No dia 07 de abril de 2023 veio a falecer, com 74 anos de idade, por complica\u00e7\u00f5es de uma cirurgia.</p>\r\n<p><span>.\u00a0</span></p>\r\n</th></tr>\r\n</tbody>\r\n</table>\r\n<p style=\"text-align: justify; \">\u00a0<span>===========================================================================================</span></p>\r\n<p style=\"text-align: justify; \"><span>Esta Rua foi primeiramente denominada pelo <a class=\"external-link\" href=\"https://sapl.indiapora.sp.leg.br/media/sapl/public/normajuridica/2013/1339/1339_texto_integral.pdf\" target=\"_self\" title=\"Lei 590.2013\">PROJETO DE LEI N\u00ba 025/2013, Lei 590/2013</a>,\u00a0<span>29 de janeiro de 2013</span> do vereador\u00a0</span>CELSO RODRIGUES DE ALMEIDA, quando PRESIDENTE 2013/2014.</p>\r\n<p><span style=\"text-align: justify; \">Depois por determina\u00e7\u00e3o judicial foi revogada conforme Lei 1.374 de 22/08/2022 \"Revoga as leis que disp\u00f5e acerca de denomina\u00e7\u00f5es com nomes de pessoas vivas\"</span></p>\r\n<p><span style=\"text-align: justify; \">-------------------------------------------------------------------------------</span></p>\r\n<p><span style=\"text-align: justify; \"></span><b>PROJETO DE LEI N\u00ba 36/2024, DO LEGISLATIVO</b></p>\r\n<p><b></b>D\u00e1 denomina\u00e7\u00e3o de RUA OSVALDO HUMER \u00e0 logradouro p\u00fablico no Munic\u00edpio de Indiapor\u00e3/SP.</p>\r\n<p><b>\u00a0\u00a0</b><b>Art. 1\u00ba\u00a0 </b>A Rua Viela II do Munic\u00edpio de Indiapor\u00e3, denominar-se-\u00e1<b> RUA OSVALDO HUMER</b>.</p>\r\n<p><b>\u00a0</b>\u00a0<b>Art. 2\u00ba</b>\u00a0 Esta lei entra em vigor na data de sua publica\u00e7\u00e3o.</p>\r\n<p><b>\u00a0</b><b>Art. 3\u00ba</b>\u00a0 Revogam-se as disposi\u00e7\u00f5es contr\u00e1rias.</p>\r\n<p>\u00a0Plen\u00e1rio Jos\u00e9 Batista Maldonado, 27 de maio de 2024.</p>\r\n<p>WILLIAN DE SOUZA BRITO</p>\r\n<p>\u2013 vereador Republicanos \u2013</p>\r\n<p><span style=\"text-align: justify; \"><br /></span></p>", "author_name": "", "version": "1.0", "author_url": "https://www.indiapora.sp.leg.br/author/ind", "provider_name": "Indiapor\u00e3 - C\u00e2mara Municipal Indiapor\u00e3", "type": "rich"}