{"provider_url": "https://www.indiapora.sp.leg.br", "title": "Rua Dr. Paulo Macedo Garcia", "html": "<p>\u00a0<span>===========================================================================================</span></p>\r\n<div id=\"content-core\">\r\n<div id=\"parent-fieldname-text-8aafaadc1e204fc8960cceace21ccb1a\">\r\n<div id=\"content-core\">\r\n<div id=\"parent-fieldname-text-cf110e3ddf8f492da87980d979df7852\">\r\n<div id=\"content-core\">\r\n<div id=\"parent-fieldname-text-0faf41bc8b054b60a294e990ef1d7373\">\r\n<p>\u00a0<a class=\"external-link\" href=\"https://sapl.indiapora.sp.leg.br/media/sapl/public/normajuridica/2020/2920/lei_1157_indiapora-sp_19_de_agosto_de_2020.pdf\" target=\"_self\" title=\"Clique e veja\">Lei 1.157/2020 Indiapor\u00e3 SP 19/08/2020 -\u00a0Rua Dr. Paulo Macedo Garcia</a></p>\r\n<p><span><span>===========================================================================================</span></span></p>\r\n<table class=\"plain\">\r\n<tbody>\r\n<tr><th><strong><img src=\"https://www.indiapora.sp.leg.br/institucional/fotos/personalidades-denominadas/image_preview.jpg/@@images/1cd2d85b-060a-4cf2-a8ab-0bb1eddea274.jpeg\" style=\"float: right; \" class=\"image-inline\" alt=\"Teste\" title=\"India Bonita\" /></strong>\r\n<p><strong>PAULO MACEDO GARCIA</strong>, nasceu dia 30 de novembro de 1919 em Barretos-SP.</p>\r\n<p>\u00a0</p>\r\n<p><strong>Filho do senhor Urias Garcia de Oliveira e dona Coleta Macedo de Oliveira</strong></p>\r\n<p>\u00a0</p>\r\n<p>Em 1943, vieram para Indiapor\u00e3, junto com seus pais e seus 4 irm\u00e3os. Adquiriram um fazenda de 450 alqueires de terras, dividido em partes iguais de 90 alqueires para cada um.</p>\r\n<p>\u00a0</p>\r\n<p>Estudou em Barretos at\u00e9 entrar na Faculdade Fluminense de Medicina em 1941 \u00e0 1946, em Niter\u00f3i, quando na \u00e9poca era a Rio de Janeiro era a capital do Brasil. Na ocasi\u00e3o por falta de dinheiro, apesar da ajuda e esfor\u00e7o da fam\u00edlia, obteve moradia de pens\u00e3o na resid\u00eancia do presidente Get\u00falio Vargas. Trabalhou durante todo o curso m\u00e9dico, em hospitais no Rio de Janeiro.</p>\r\n<p>\u00a0</p>\r\n<p>Em 31 de janeiro de 1951 casou-se com a senhora Eirolettes de Mendon\u00e7a Garcia e tiveram os FILHOS \u2013 Ana Maria Garcia Cardoso, Marco Ant\u00f4nio Mendon\u00e7a Garcia, Paulo Macedo Garcia Filho, Marcelo Mendon\u00e7a Garcia, Norberto Mendon\u00e7a Garcia e Carlos Alberto Mendon\u00e7a Garcia.</p>\r\n<p>\u00a0</p>\r\n<p>Em 1946, ap\u00f3s sua formatura, veio residir em Indian\u00f3polis (na Avenida Nove de Julho, atr\u00e1s da Igreja Matriz). Foi o primeiro m\u00e9dico do munic\u00edpio, humano, idealista, com muita garra, obstina\u00e7\u00e3o e amor ao pr\u00f3ximo veio para o Povoado de Indian\u00e1polis, (Como era chamado na \u00e9poca) Dr. Paulo teve um papel preponderante na hist\u00f3ria da cidade, que lutou e trabalhou muito para sua emancipa\u00e7\u00e3o de povoado em Munic\u00edpio. Foi um dos fundadores do Munic\u00edpio de Indiapor\u00e3 em 1953, pois antes era apenas um Povoado. Ele junto com outras autoridades encaminharam para o Presidente da Assembleia Legislativa Estadual, os documentos necess\u00e1rios para constitui\u00e7\u00e3o jur\u00eddica do munic\u00edpio, requerendo o plebiscito para o desmembramento de do munic\u00edpio de Indiapor\u00e3 de sua sede, a cidade de Fernand\u00f3polis.</p>\r\n<p>\u00a0</p>\r\n<p>Em 1955 transferiu-se para S\u00e3o Jos\u00e9 do Rio Preto. Ap\u00f3s ter instalado toda sua fam\u00edlia nesta cidade, inclusive sua m\u00e3e D. Coleta, iniciou curso de especializa\u00e7\u00e3o em Dermatologia, na cidade de S\u00e3o Paulo. Ap\u00f3s concluir sua especializa\u00e7\u00e3o, retornou para S\u00e3o Jos\u00e9 do Rio Preto, tornando-se o primeiro Dermatologista da cidade e regi\u00e3o. No final do ano de 1955, foi convidado para assumir o Servi\u00e7o de Radioterapia da Santa Casa de Miseric\u00f3rdia, centro especializado no tratamento de C\u00e2ncer de Pele. Em 1968, foi eleito Provedor da Santa Casa de Miseric\u00f3rdia de S\u00e3o Jos\u00e9 do Rio Preto, fun\u00e7\u00e3o eletiva exercida por 10 anos. Como Provedor da Santa Casa, fez v\u00e1rias melhorias no Hospital, construiu novas Alas para atender \u00e0 crescente demanda por aquele hospital, exemplificativamente a Ala das Gestantes, o novo refeit\u00f3rio para os funcion\u00e1rios, a Lavanderia, a Ala do Isolamento de Doen\u00e7as Infecto Contagiosas, Ala do Almoxarifado, a nova Cozinha, aumentou o n\u00famero de Leitos, alcan\u00e7ando em sua gest\u00e3o o n\u00famero de 350 Leitos. Nesta \u00e9poca dado a necessidade de se ter um Servi\u00e7o de Radioterapia em S\u00e3o Jos\u00e9 do Rio Preto de Alta Voltagem, para que se tratasse todos os tipos de Canceres, era necess\u00e1rio se construir novas instala\u00e7\u00f5es para este tratamento do C\u00e2ncer, para que desta forma, todos os pacientes de Rio Preto e Regi\u00e3o, n\u00e3o precisassem se encaminhar para outros Centro de Tratamento do C\u00e2ncer, assim nasceu a URRMEV , Unidade Regional de Radioterapia e Megavoltagem, instituto especializado que hoje encontra-se com 42 anos de atua\u00e7\u00e3o, destacando-se como refer\u00eancia regional no Tratamento do C\u00e2ncer. Exerceu suas atividades profissionais como M\u00e9dico Dermatologista entre 1955 \u00e0 1978.</p>\r\n<p>O seu falecimento ocorreu em janeiro de 2004 na cidade de S\u00e3o Jos\u00e9 do Rio Preto, em sua resid\u00eancia na Rua Presciliano Pinto, 734.\u00a0</p>\r\n<p><span>=========================================================================================</span></p>\r\n</th></tr>\r\n</tbody>\r\n</table>\r\n<div id=\"parent-fieldname-text-0faf41bc8b054b60a294e990ef1d7373\"><b>PROJETO DE LEI DO LEGISLATIVO N\u00ba 80/2020</b><b>\u00a0</b><span></span>\r\n<p>D\u00e1 denomina\u00e7\u00e3o de RUA DR. PAULO MACEDO GARCIA \u00e0 logradouro p\u00fablico no Munic\u00edpio de Indiapor\u00e3-SP.</p>\r\n<p>\u00a0\u00a0\u00a0\u00a0\u00a0\u00a0\u00a0\u00a0 Art. 1\u00ba A Rua 6 da COHAB \u201cCLAUDIO RIBEIRO CORR\u00caA\u201d desta cidade, denominar-se-\u00e1 RUA DR. PAULO MACEDO GARCIA.</p>\r\n<p>\u00a0\u00a0\u00a0\u00a0\u00a0\u00a0\u00a0\u00a0\u00a0<b>Art. 2\u00ba</b>\u00a0Esta lei entra em vigor na data de sua publica\u00e7\u00e3o.\u00a0 \u00a0 \u00a0</p>\r\n<p>\u00a0\u00a0\u00a0\u00a0\u00a0\u00a0\u00a0\u00a0\u00a0<b>Art. 3\u00ba</b>\u00a0 Revogam-se as disposi\u00e7\u00f5es contr\u00e1rias.</p>\r\n<p>\u00a0\u00a0\u00a0\u00a0\u00a0\u00a0\u00a0\u00a0 Plen\u00e1rio Jos\u00e9 Batista Maldonado, 10 de agosto de 2020.<b>\u00a0</b></p>\r\n<p><b></b>ELEN CHRISTINA DA SILVA</p>\r\n<p>- VEREADORA PSDB -</p>\r\n</div>\r\n</div>\r\n</div>\r\n</div>\r\n</div>\r\n</div>\r\n</div>", "author_name": "", "version": "1.0", "author_url": "https://www.indiapora.sp.leg.br/author/ind", "provider_name": "Indiapor\u00e3 - C\u00e2mara Municipal Indiapor\u00e3", "type": "rich"}