{"provider_url": "https://www.indiapora.sp.leg.br", "title": "Departamentos Setores", "html": "<h2><span>Departamentos\u00a0organizacional da C\u00e2mara Municipal de Indiapor\u00e3,</span></h2>\r\n<p><b><span><span>Endere\u00e7o da Unidade</span></span></b><span>: Rua Jos\u00e9 Scapim, Quadra 12, Casa 21 \u2013 Morumbi \u2013 CEP.\u00a015.690-000 \u2013 Indiapor\u00e3 / SP.</span></p>\r\n<p><b><span><span>Dias de expediente</span></span></b><span>: segunda \u00e0 sexta-feira -\u00a0\u00a0\u00a0 </span><b><span><span>Telefone</span></span></b><span>: (17) 3842-1390 </span></p>\r\n<p><b><span><span>Hor\u00e1rios de atendimento ao p\u00fablico</span></span></b><span>: das 08:00 \u00e0s 11:00 e das 13:00 \u00e0s 17:00 horas </span></p>\r\n<p><span><br /></span></p>\r\n<table>\r\n<tbody>\r\n<tr>\r\n<td>\r\n<h3 align=\"center\" style=\"text-align: left; \">SERVIDOR</h3>\r\n</td>\r\n<td>\r\n<h3 align=\"center\" style=\"text-align: left; \">CARGO\u00a0\u00a0\u00a0\u00a0\u00a0\u00a0\u00a0\u00a0\u00a0\u00a0\u00a0\u00a0\u00a0\u00a0\u00a0\u00a0</h3>\r\n</td>\r\n<td>\r\n<h3 align=\"center\" style=\"text-align: left; \">SETOR</h3>\r\n</td>\r\n<td>\r\n<h3 align=\"center\" style=\"text-align: left; \">TELEFONE\u00a0\u00a0\u00a0\u00a0</h3>\r\n</td>\r\n<td>\r\n<h3 align=\"center\" style=\"text-align: left; \">EMAIL</h3>\r\n</td>\r\n</tr>\r\n<tr>\r\n<td>\r\n<p>Cl\u00e1udia Cristina de Andrade\u00a0 \u00a0 \u00a0 \u00a0</p>\r\n</td>\r\n<td>\r\n<p>Agente Legislativo\u00a0\u00a0\u00a0\u00a0\u00a0</p>\r\n</td>\r\n<td>\r\n<p align=\"center\" style=\"text-align: left; \">Tesouraria / LGPD / Ouvidoria</p>\r\n</td>\r\n<td>\r\n<p align=\"center\" style=\"text-align: left; \">(17) 3842-1390\u00a0</p>\r\n</td>\r\n<td>\r\n<p>ouvidoria@indiapora.sp.leg.br</p>\r\n</td>\r\n</tr>\r\n<tr>\r\n<td>\r\n<p>Edenilson Jacinto Gil</p>\r\n</td>\r\n<td>\r\n<p>Assistente Legislativo</p>\r\n</td>\r\n<td>\r\n<p align=\"center\" style=\"text-align: left; \">Secretaria / Agente contrata\u00e7\u00e3o</p>\r\n</td>\r\n<td>\r\n<p align=\"center\" style=\"text-align: left; \">(17) 3842-1390</p>\r\n</td>\r\n<td>\r\n<p>camara@indiapora.sp.leg.br\u00a0</p>\r\n</td>\r\n</tr>\r\n<tr>\r\n<td>\r\n<p>Adriana Ushijima</p>\r\n</td>\r\n<td>\r\n<p>Procuradora Jur\u00eddico</p>\r\n</td>\r\n<td>\r\n<p align=\"center\" style=\"text-align: left; \">Procuradoria</p>\r\n</td>\r\n<td>\r\n<p align=\"center\" style=\"text-align: left; \">(17) 3842-1390</p>\r\n</td>\r\n<td>\r\n<p>camara@indiapora.sp.leg.br</p>\r\n</td>\r\n</tr>\r\n<tr>\r\n<td>\r\n<p>Nelson Carvalho Gazeta</p>\r\n</td>\r\n<td>\r\n<p>Contador</p>\r\n</td>\r\n<td>\r\n<p align=\"center\" style=\"text-align: left; \">LICENCIADO</p>\r\n</td>\r\n<td>\r\n<p align=\"center\" style=\"text-align: left; \">(17) 3842-1390</p>\r\n</td>\r\n<td>\r\n<p>camara@indiapora.sp.leg.br</p>\r\n</td>\r\n</tr>\r\n</tbody>\r\n</table>\r\n<p>\u00a0\u00a0</p>\r\n<table>\r\n<tbody>\r\n<tr>\r\n<td>\r\n<h3 align=\"center\" style=\"text-align: left; \">ESTAGI\u00c1RIOS</h3>\r\n</td>\r\n<td>\r\n<h3 align=\"center\">CARGO\u00a0 \u00a0\u00a0</h3>\r\n</td>\r\n<td>\r\n<h3 align=\"center\" style=\"text-align: left; \">SETOR</h3>\r\n</td>\r\n<td>\r\n<h3 align=\"center\">TELEFONE</h3>\r\n</td>\r\n<td>\r\n<h3 align=\"center\" style=\"text-align: left; \">EMAIL</h3>\r\n</td>\r\n<td>\r\n<h3 align=\"center\" style=\"text-align: left; \">EMPRESA</h3>\r\n</td>\r\n</tr>\r\n<tr>\r\n<td>Bruna de Morais Flor\u00eancio Monteiro\u00a0 \u00a0 \u00a0\u00a0</td>\r\n<td>\r\n<p>Estagi\u00e1ria\u00a0</p>\r\n</td>\r\n<td>\r\n<p align=\"center\" style=\"text-align: left; \">\u00a0Contabilidade\u00a0 \u00a0</p>\r\n</td>\r\n<td>\r\n<p align=\"center\">\u00a0 \u00a0(17) 3842-1390\u00a0 \u00a0\u00a0</p>\r\n</td>\r\n<td>\r\n<p>camara@indiapora.sp.leg.br\u00a0 \u00a0 \u00a0</p>\r\n</td>\r\n<td>\r\n<p>\u00a0CIEE</p>\r\n</td>\r\n</tr>\r\n<tr>\r\n<td>\r\n<p class=\" \">Paula Carolina Queiroz Silva</p>\r\n</td>\r\n<td>\r\n<p>Estagi\u00e1ria</p>\r\n</td>\r\n<td>\r\n<p align=\"center\" style=\"text-align: left; \">Jur\u00eddico</p>\r\n</td>\r\n<td>\r\n<p align=\"center\">(17) 3842-1390\u00a0\u00a0</p>\r\n</td>\r\n<td>\r\n<p>camara@indiapora.sp.leg.br</p>\r\n</td>\r\n<td>\r\n<p>\u00a0CIEE</p>\r\n</td>\r\n</tr>\r\n</tbody>\r\n</table>\r\n<p>\u00a0\u00a0</p>\r\n<table>\r\n<tbody>\r\n<tr>\r\n<td>\r\n<h3 align=\"center\" style=\"text-align: left; \">TERCEIRIZADOS</h3>\r\n</td>\r\n<td>\r\n<h3 align=\"center\" style=\"text-align: left; \">CARGO\u00a0 \u00a0 \u00a0\u00a0</h3>\r\n</td>\r\n<td>\r\n<h3 align=\"center\" style=\"text-align: left; \">SETOR</h3>\r\n</td>\r\n<td>\r\n<h3 align=\"center\" style=\"text-align: center; \">TELEFONE\u00a0 \u00a0</h3>\r\n</td>\r\n<td>\r\n<h3 align=\"center\" style=\"text-align: left; \">EMAIL</h3>\r\n</td>\r\n<td>\r\n<h3 align=\"center\" style=\"text-align: left; \">\u00a0EMPRESA</h3>\r\n</td>\r\n</tr>\r\n<tr>\r\n<td>\r\n<p>Aracelli de Oliveira Capelli\u00a0 \u00a0 \u00a0</p>\r\n</td>\r\n<td>\r\n<p style=\"text-align: left; \">Contador\u00a0</p>\r\n</td>\r\n<td>\r\n<p align=\"center\">\u00a0Contabilidade\u00a0 \u00a0</p>\r\n</td>\r\n<td>\r\n<p align=\"center\" style=\"text-align: center; \">(17) 3842-1390\u00a0</p>\r\n</td>\r\n<td>\r\n<p>contabilidade@indiapora.sp.leg.br</p>\r\n</td>\r\n<td>\r\n<p>\u00a0Capelli Contabilidade Ltda</p>\r\n</td>\r\n</tr>\r\n<tr>\r\n<td>\r\n<p>Ev\u00e2nia Pereira de Souza</p>\r\n</td>\r\n<td>\r\n<p style=\"text-align: left; \">Faxineira</p>\r\n</td>\r\n<td>\r\n<p align=\"center\" style=\"text-align: left; \">Limpeza</p>\r\n</td>\r\n<td>\r\n<p align=\"center\" style=\"text-align: center; \">(17) 3842-1390</p>\r\n</td>\r\n<td>\r\n<p>camara@indiapora.sp.leg.br</p>\r\n</td>\r\n<td>\r\n<p>\u00a0Fides Consultoria em Neg\u00f3cios Ltda</p>\r\n</td>\r\n</tr>\r\n</tbody>\r\n</table>\r\n<p>\u00a0<span>\u00a0</span></p>\r\n<table>\r\n<tbody>\r\n<tr>\r\n<td>\r\n<h3><b>VEREADOR</b></h3>\r\n</td>\r\n<td>\r\n<h3><b>\u00a0 CARGO</b></h3>\r\n</td>\r\n<td>\r\n<h3>\u00a0 SETOR</h3>\r\n</td>\r\n<td>\r\n<h3 align=\"center\">TELEFONE</h3>\r\n</td>\r\n<td>\r\n<h3 align=\"center\" style=\"text-align: left; \">EMAIL</h3>\r\n</td>\r\n</tr>\r\n<tr>\r\n<td>\r\n<p>Willlian de Souza Brito</p>\r\n</td>\r\n<td>\r\n<p>\u00a0\u00a0 Presidente</p>\r\n</td>\r\n<td>\r\n<p align=\"center\">\u00a0\u00a0 Mesa Diretora</p>\r\n</td>\r\n<td>\r\n<p align=\"center\">\u00a0\u00a0 (17) 3842-1390\u00a0\u00a0</p>\r\n</td>\r\n<td>\r\n<p>camara@indiapora.sp.leg.br\u00a0</p>\r\n</td>\r\n</tr>\r\n<tr>\r\n<td>\r\n<p>Cristina Aydar Arantes</p>\r\n</td>\r\n<td>\r\n<p>\u00a0\u00a0 Vice-Presidente</p>\r\n</td>\r\n<td>\r\n<p align=\"center\">\u00a0\u00a0 Mesa Diretora</p>\r\n</td>\r\n<td>\r\n<p align=\"center\">(17) 3842-1390</p>\r\n</td>\r\n<td>\r\n<p>camara@indiapora.sp.leg.br</p>\r\n</td>\r\n</tr>\r\n<tr>\r\n<td>\r\n<p>Alaerte Felix da Silva</p>\r\n</td>\r\n<td>\r\n<p>\u00a0\u00a0 1\u00ba Secret\u00e1rio</p>\r\n</td>\r\n<td>\r\n<p align=\"center\">\u00a0\u00a0 Mesa Diretora</p>\r\n</td>\r\n<td>\r\n<p align=\"center\">(17) 3842-1390</p>\r\n</td>\r\n<td>\r\n<p>camara@indiapora.sp.leg.br</p>\r\n</td>\r\n</tr>\r\n<tr>\r\n<td>\r\n<p>In\u00e1cio Jos\u00e9 dos Santos Filho</p>\r\n</td>\r\n<td>\r\n<p>\u00a0\u00a0 2\u00ba Secret\u00e1rio</p>\r\n</td>\r\n<td>\r\n<p align=\"center\">\u00a0\u00a0 Mesa Diretora</p>\r\n</td>\r\n<td>\r\n<p align=\"center\">(17) 3842-1390</p>\r\n</td>\r\n<td>\r\n<p>camara@indiapora.sp.leg.br</p>\r\n</td>\r\n</tr>\r\n<tr>\r\n<td>\r\n<p>Silmar Ribas de Souza</p>\r\n</td>\r\n<td>\r\n<p>\u00a0\u00a0 Vereador</p>\r\n</td>\r\n<td>\r\n<p align=\"center\">-//-</p>\r\n</td>\r\n<td>\r\n<p align=\"center\">(17) 3842-1390</p>\r\n</td>\r\n<td>\r\n<p>camara@indiapora.sp.leg.br</p>\r\n</td>\r\n</tr>\r\n<tr>\r\n<td>\r\n<p>Valdevino de Carvalho</p>\r\n</td>\r\n<td>\r\n<p>\u00a0\u00a0 Vereador</p>\r\n</td>\r\n<td>\r\n<p align=\"center\">-//-</p>\r\n</td>\r\n<td>\r\n<p align=\"center\">(17) 3842-1390</p>\r\n</td>\r\n<td>\r\n<p>camara@indiapora.sp.leg.br</p>\r\n</td>\r\n</tr>\r\n<tr>\r\n<td>\r\n<p>Maril\u00fa Carvalho Tiago</p>\r\n</td>\r\n<td>\r\n<p>\u00a0\u00a0 Vereadora</p>\r\n</td>\r\n<td>\r\n<p align=\"center\">-//-</p>\r\n</td>\r\n<td>\r\n<p align=\"center\">(17) 3842-1390</p>\r\n</td>\r\n<td>\r\n<p>camara@indiapora.sp.leg.br</p>\r\n</td>\r\n</tr>\r\n<tr>\r\n<td>\r\n<p>Manoel Feliciano Rodrigues Neto</p>\r\n</td>\r\n<td>\r\n<p>\u00a0\u00a0 Vereador</p>\r\n</td>\r\n<td>\r\n<p align=\"center\">-//-</p>\r\n</td>\r\n<td>\r\n<p align=\"center\">(17) 3842-1390</p>\r\n</td>\r\n<td>\r\n<p>camara@indiapora.sp.leg.br</p>\r\n</td>\r\n</tr>\r\n<tr>\r\n<td>\r\n<p>Elen Christina da Silva</p>\r\n</td>\r\n<td>\r\n<p>\u00a0\u00a0 Vereadora</p>\r\n</td>\r\n<td>\r\n<p align=\"center\">-//-</p>\r\n</td>\r\n<td>\r\n<p align=\"center\">(17) 3842-1390</p>\r\n</td>\r\n<td>\r\n<p>camara@indiapora.sp.leg.br</p>\r\n</td>\r\n</tr>\r\n</tbody>\r\n</table>\r\n<p>\u00a0</p>", "author_name": "", "version": "1.0", "author_url": "https://www.indiapora.sp.leg.br/author/ind", "provider_name": "Indiapor\u00e3 - C\u00e2mara Municipal Indiapor\u00e3", "type": "rich"}