{"provider_url": "https://www.indiapora.sp.leg.br", "title": "8\u00aa Sess\u00e3o ordin\u00e1ria 2018 - 21 de Maio", "html": "<h3><img src=\"https://www.indiapora.sp.leg.br/institucional/fotos/camara/plenario-da-camara-municipal-de-indiapora/@@images/48d1ce14-612b-4221-8e69-7671002cc070.jpeg\" alt=\"O plen\u00e1rio da C\u00e2mara Municipal de Indiapor\u00e3 j\u00e1 passou por diversas modificadas. Em 2014 foi feita uma reforma.\" class=\"image-inline\" title=\"Plen\u00e1rio da C\u00e2mara Municipal de Indiapor\u00e3\" /></h3>\r\n<p>\u00a0</p>\r\n<h3>A C\u00e2mara Municipal de Indiapor\u00e3, convida a popula\u00e7\u00e3o em geral\u00a0</h3>\r\n<h3>para assistirem a Sess\u00e3o Ordin\u00e1ria, que ser\u00e1 realizada\u00a0em sua sede, \u00e0s 20:00 horas, nas depend\u00eancias do\u00a0<span>Plen\u00e1rio Jos\u00e9 Batista Maldonado,</span></h3>\r\n<h3>localizado na Rua Jos\u00e9 Scapim, Quadra 12, Casa 21.</h3>\r\n<p>\u00a0</p>\r\n<h3><strong>N\u00e3o podendo comparecer presencialmente, o cidad\u00e3o poder\u00e1 ouvir a sess\u00e3o ordin\u00e1ria atrav\u00e9s da transmiss\u00e3o feita pela R\u00e1dio Beira Rio FM ou tamb\u00e9m pelo site\u00a0<a class=\"external-link\" href=\"http://beirariofm.com.br/\" target=\"_self\" title=\"R\u00e1dio Beira Rio FM Indiapor\u00e3\">http://beirariofm.com.br/</a></strong></h3>\r\n<h3></h3>\r\n<h3>\u00a0</h3>\r\n<ul>\r\n<li><strong>As sess\u00f5es\u00a0<em>ORDIN\u00c1RIA</em>\u00a0ocorrem no hor\u00e1rio das 20:00 \u00e0s 24:00 horas, ser\u00e3o sempre realizadas na 1\u00aa (primeira) e 3\u00aa (terceira) segunda-feira de cada m\u00eas, exceto, quando em alguma destas datas ocorrer feriado, ser\u00e1 realizada na pr\u00f3xima segunda-feira subsequente.</strong></li>\r\n</ul>\r\n<h3></h3>\r\n<h3>\u00a0</h3>\r\n<ul>\r\n<li><strong>A C\u00e2mara Municipal de Indiapor\u00e3 poder\u00e1 convocar os vereadores para realizar sess\u00f5es extraordin\u00e1rias sempre que tratar de mat\u00e9ria de urg\u00eancia ou de interesse relevante.</strong></li>\r\n</ul>\r\n<h3></h3>\r\n<h3>\u00a0</h3>\r\n<ul>\r\n<li><strong>No per\u00edodo de recesso, \u00a0que ocorre durante todo o m\u00eas de julho e ap\u00f3s o dia 15 de dezembro at\u00e9 o dia 31 de janeiro, tamb\u00e9m poder\u00e3o ocorrer sess\u00f5es extraordin\u00e1rias, e n\u00e3o haver\u00e1 sess\u00f5es ordin\u00e1rias.</strong></li>\r\n</ul>\r\n<h3><b><br /></b></h3>\r\n<ul>\r\n<li><strong>Contamos com a sua presen\u00e7a.</strong></li>\r\n</ul>", "author_name": "", "version": "1.0", "author_url": "https://www.indiapora.sp.leg.br/author/ind", "provider_name": "Indiapor\u00e3 - C\u00e2mara Municipal Indiapor\u00e3", "type": "rich"}